{"id":1824,"date":"2023-11-08T23:12:04","date_gmt":"2023-11-08T23:12:04","guid":{"rendered":"https:\/\/saludmovil.go.cr\/?p=1824"},"modified":"2023-11-08T23:16:28","modified_gmt":"2023-11-08T23:16:28","slug":"ccss-alerta-por-primer-caso-confirmado-de-sindrome-pulmonar-asociado-al-vapeo","status":"publish","type":"post","link":"https:\/\/saludmovil.go.cr\/index.php\/2023\/11\/08\/ccss-alerta-por-primer-caso-confirmado-de-sindrome-pulmonar-asociado-al-vapeo\/","title":{"rendered":"CCSS alerta por primer caso confirmado de s\u00edndrome pulmonar asociado al vapeo"},"content":{"rendered":"<p><i><span data-contrast=\"auto\">\u00a0&#8211; Se trata de un menor de 16 a\u00f1os que ten\u00eda 3 meses de vapear todos los d\u00edas.<\/span><\/i><span data-ccp-props=\"{&quot;201341983&quot;:0,&quot;335551550&quot;:6,&quot;335551620&quot;:6,&quot;335559739&quot;:200,&quot;335559740&quot;:276}\">\u00a0<\/span><\/p>\n<p><i><span data-contrast=\"auto\">-Joven estuvo hospitalizado en una unidad de cuidado intensivo durante 29 d\u00edas.<\/span><\/i><span data-ccp-props=\"{&quot;201341983&quot;:0,&quot;335551550&quot;:6,&quot;335551620&quot;:6,&quot;335559739&quot;:200,&quot;335559740&quot;:276}\">\u00a0<\/span><\/p>\n<p><span data-ccp-props=\"{&quot;201341983&quot;:0,&quot;335551550&quot;:6,&quot;335551620&quot;:6,&quot;335559739&quot;:200,&quot;335559740&quot;:276}\">\u00a0<\/span><\/p>\n<p><span data-contrast=\"auto\">\u201cNo es inofensivo, no es un m\u00e9todo para dejar de fumar, no tiene nada de <\/span><i><span data-contrast=\"auto\">cool y, <\/span><\/i><span data-contrast=\"auto\">por el contrario, es capaz de enviar al hospital a quien lo utiliza y poner en riesgo su vida\u201d, ese es el mensaje de alerta que m\u00e9dicos de la Caja Costarricense de Seguro Social (CCSS) emitieron esta semana en relaci\u00f3n con la utilizaci\u00f3n de dispositivos para vapear al confirmarse el primer caso del s\u00edndrome pulmonar asociado al cigarrillo electr\u00f3nico o vapeo.<\/span><span data-ccp-props=\"{&quot;201341983&quot;:0,&quot;335551550&quot;:6,&quot;335551620&quot;:6,&quot;335559739&quot;:200,&quot;335559740&quot;:276}\">\u00a0<\/span><\/p>\n<p><span data-contrast=\"auto\">Este s\u00edndrome conocido como EVALI por sus siglas en ingl\u00e9s, produce lesiones pulmonares asociadas al uso del cigarrillo electr\u00f3nico o vapeo y se present\u00f3 en un joven de tan solo 16 a\u00f1os quien ten\u00eda poco m\u00e1s de 3 meses de utilizar este tipo de dispositivos electr\u00f3nicos para vapear.<\/span><span data-ccp-props=\"{&quot;201341983&quot;:0,&quot;335551550&quot;:6,&quot;335551620&quot;:6,&quot;335559739&quot;:200,&quot;335559740&quot;:276}\">\u00a0<\/span><\/p>\n<p><span data-contrast=\"auto\">Seg\u00fan se report\u00f3 el adolescente vapeaba diariamente a escondidas de sus padres y su condici\u00f3n lo llev\u00f3 a ser hospitalizado en una unidad de terapia intensiva durante casi un mes debiendo estar con ventilaci\u00f3n mec\u00e1nica asistida o intubado como se conoce regularmente a este tratamiento.<\/span><span data-ccp-props=\"{&quot;201341983&quot;:0,&quot;335551550&quot;:6,&quot;335551620&quot;:6,&quot;335559739&quot;:200,&quot;335559740&quot;:276}\">\u00a0<\/span><\/p>\n<p><span data-contrast=\"auto\">De acuerdo con la doctora Marny Ramos, coordinadora de las cl\u00ednicas de Cesaci\u00f3n de Fumado y Vapeo de la CCSS, los pacientes que presentan EVALI van a tener por lo general dificultad para respirar, tos, dolor en el pecho, respiraci\u00f3n acelerada (taquipnea), flemas con sangre, taquicardia, fiebre, sensaci\u00f3n de resfr\u00edo o fatiga y\/o s\u00edntomas gastrointestinales como n\u00e1useas, v\u00f3mitos diarrea y dolor abdominal.<\/span><span data-ccp-props=\"{&quot;201341983&quot;:0,&quot;335551550&quot;:6,&quot;335551620&quot;:6,&quot;335559739&quot;:200,&quot;335559740&quot;:276}\">\u00a0<\/span><\/p>\n<p><span data-contrast=\"auto\">Las lesiones pulmonares producto del vapeo o el EVALI pueden presentarse d\u00edas o semanas despu\u00e9s de comenzar a vapear y son potencialmente mortales.<\/span><span data-ccp-props=\"{&quot;201341983&quot;:0,&quot;335551550&quot;:6,&quot;335551620&quot;:6,&quot;335559739&quot;:200,&quot;335559740&quot;:276}\">\u00a0<\/span><\/p>\n<p><span data-contrast=\"auto\">Seg\u00fan la especialista los productos utilizados para vapear generan inflamaci\u00f3n pulmonar, ya sea que contengan nicotina o no. La nicotina es una de las sustancias con propiedades estimulantes y es responsable de la dependencia, pero tambi\u00e9n existe el formaldehido, un cancer\u00edgeno que puede ser generado por un vaporizador o un calentador de tabaco as\u00ed como otros qu\u00edmicos. S\u00f3lo en los Estados Unidos se presentaron 2 290 casos de este s\u00edndrome con 47 muertes registradas a noviembre del 2019.<\/span><span data-ccp-props=\"{&quot;201341983&quot;:0,&quot;335551550&quot;:6,&quot;335551620&quot;:6,&quot;335559739&quot;:200,&quot;335559740&quot;:276}\">\u00a0<\/span><\/p>\n<p><span data-contrast=\"auto\">Es por esto por lo que los especialistas de la CCSS llaman a la poblaci\u00f3n para que reconozca los peligros de utilizar estos, adem\u00e1s, pidieron a padres y madres de j\u00f3venes y adolescentes, principales consumidores de estos productos, conversar con sus hijos e hijas sobre los efectos del vapeo, ya ahora demostrados con este joven de apenas 16 a\u00f1os y cuya vida se vio en riesgo a causa de esta nociva pr\u00e1ctica.<\/span><span data-ccp-props=\"{&quot;201341983&quot;:0,&quot;335551550&quot;:6,&quot;335551620&quot;:6,&quot;335559739&quot;:200,&quot;335559740&quot;:276}\">\u00a0<\/span><\/p>\n<p><span data-contrast=\"auto\">Los especialistas fueron enf\u00e1ticos en que efectivamente se trata de productos que no son inofensivos, que igualmente pueden generar adicci\u00f3n, problemas de salud y que tampoco est\u00e1n reconocidos como un m\u00e9todo efectivo ni seguro para dejar de fumar.<\/span><span data-ccp-props=\"{&quot;201341983&quot;:0,&quot;335551550&quot;:6,&quot;335551620&quot;:6,&quot;335559739&quot;:200,&quot;335559740&quot;:276}\">\u00a0<\/span><\/p>\n<p><b><i><span data-contrast=\"auto\">Susana Saravia Calder\u00f3n<\/span><\/i><\/b><span data-ccp-props=\"{&quot;201341983&quot;:0,&quot;335551550&quot;:6,&quot;335551620&quot;:6,&quot;335559739&quot;:0,&quot;335559740&quot;:276}\">\u00a0<\/span><\/p>\n<p>CCSS<\/p>\n","protected":false},"excerpt":{"rendered":"<p>Se trata de un menor de 16 a\u00f1os que ten\u00eda 3 meses de vapear todos los d\u00edas.<\/p>\n","protected":false},"author":2,"featured_media":463,"comment_status":"closed","ping_status":"closed","sticky":false,"template":"","format":"standard","meta":{"footnotes":""},"categories":[1],"tags":[],"_links":{"self":[{"href":"https:\/\/saludmovil.go.cr\/index.php\/wp-json\/wp\/v2\/posts\/1824"}],"collection":[{"href":"https:\/\/saludmovil.go.cr\/index.php\/wp-json\/wp\/v2\/posts"}],"about":[{"href":"https:\/\/saludmovil.go.cr\/index.php\/wp-json\/wp\/v2\/types\/post"}],"author":[{"embeddable":true,"href":"https:\/\/saludmovil.go.cr\/index.php\/wp-json\/wp\/v2\/users\/2"}],"replies":[{"embeddable":true,"href":"https:\/\/saludmovil.go.cr\/index.php\/wp-json\/wp\/v2\/comments?post=1824"}],"version-history":[{"count":1,"href":"https:\/\/saludmovil.go.cr\/index.php\/wp-json\/wp\/v2\/posts\/1824\/revisions"}],"predecessor-version":[{"id":1825,"href":"https:\/\/saludmovil.go.cr\/index.php\/wp-json\/wp\/v2\/posts\/1824\/revisions\/1825"}],"wp:featuredmedia":[{"embeddable":true,"href":"https:\/\/saludmovil.go.cr\/index.php\/wp-json\/wp\/v2\/media\/463"}],"wp:attachment":[{"href":"https:\/\/saludmovil.go.cr\/index.php\/wp-json\/wp\/v2\/media?parent=1824"}],"wp:term":[{"taxonomy":"category","embeddable":true,"href":"https:\/\/saludmovil.go.cr\/index.php\/wp-json\/wp\/v2\/categories?post=1824"},{"taxonomy":"post_tag","embeddable":true,"href":"https:\/\/saludmovil.go.cr\/index.php\/wp-json\/wp\/v2\/tags?post=1824"}],"curies":[{"name":"wp","href":"https:\/\/api.w.org\/{rel}","templated":true}]}}